{"id":3084,"date":"2023-03-30T21:01:55","date_gmt":"2023-03-30T21:01:55","guid":{"rendered":"http:\/\/www.micheladelorenzi.com.es\/trattamento-di-microblading\/"},"modified":"2024-12-17T09:20:51","modified_gmt":"2024-12-17T09:20:51","slug":"trattamento-di-microblading","status":"publish","type":"post","link":"https:\/\/micheladelorenzi.com\/it\/trattamento-di-microblading\/","title":{"rendered":"Trattamento post microblading"},"content":{"rendered":"<div class=\"fusion-fullwidth fullwidth-box fusion-builder-row-1 fusion-flex-container hundred-percent-fullwidth non-hundred-percent-height-scrolling\" style=\"--awb-border-radius-top-left:0px;--awb-border-radius-top-right:0px;--awb-border-radius-bottom-right:0px;--awb-border-radius-bottom-left:0px;--awb-overflow:visible;--awb-flex-wrap:wrap;\" ><div class=\"fusion-builder-row fusion-row fusion-flex-align-items-flex-start fusion-flex-content-wrap\" style=\"width:calc( 100% + 0px ) !important;max-width:calc( 100% + 0px ) !important;margin-left: calc(-0px \/ 2 );margin-right: calc(-0px \/ 2 );\"><div class=\"fusion-layout-column fusion_builder_column fusion-builder-column-0 fusion_builder_column_1_1 1_1 fusion-flex-column fusion-flex-align-self-flex-start fusion-column-no-min-height\" style=\"--awb-bg-blend:overlay;--awb-bg-size:cover;--awb-width-large:100%;--awb-margin-top-large:0px;--awb-spacing-right-large:0px;--awb-margin-bottom-large:0px;--awb-spacing-left-large:0px;--awb-width-medium:100%;--awb-spacing-right-medium:0px;--awb-spacing-left-medium:0px;--awb-width-small:100%;--awb-spacing-right-small:0px;--awb-spacing-left-small:0px;\"><div class=\"fusion-column-wrapper fusion-flex-justify-content-flex-start fusion-content-layout-column\"><div class=\"fusion-text fusion-text-1\" style=\"--awb-text-color:var(--awb-color7);\"><p><span style=\"font-weight: 400;\">Il primo giorno di trattamento \u00e8 necessario lavare le sopracciglia pi\u00f9 spesso per mantenerle sempre pi\u00f9 pulite.<\/span><span style=\"font-weight: 400;\"><br \/>\n<\/span><span style=\"font-weight: 400;\">Dopo mezz&#8217;ora dal trattamento, le sopracciglia dovrebbero essere lavate con acqua o pulite <\/span><b>le sopracciglia<\/b><span style=\"font-weight: 400;\">  con la salvietta in dotazione. Continua a strofinare le sopracciglia in varie direzioni ogni ora e mezza per il resto della giornata. <\/span><\/p>\n<p><span style=\"font-weight: 400;\">Se senti prurito, se la tua pelle tira o si sente secca, applica un leggero strato della crema che ti forniamo.<\/span><\/p>\n<p><span style=\"color: var(--awb-text-color); font-family: var(--awb-text-font-family); font-size: var(--awb-font-size); font-style: var(--awb-text-font-style); letter-spacing: var(--awb-letter-spacing); text-align: var(--awb-content-alignment); text-transform: var(--awb-text-transform); background-color: var(--awb-bg-color-hover);\">A partire dal secondo giorno, per una pelle normale \u00e8 necessario lavare le sopracciglia. <\/span><b style=\"color: var(--awb-text-color); font-family: var(--awb-text-font-family); font-size: var(--awb-font-size); font-style: var(--awb-text-font-style); letter-spacing: var(--awb-letter-spacing); text-align: var(--awb-content-alignment); text-transform: var(--awb-text-transform); background-color: var(--awb-bg-color-hover);\"><a href=\"https:\/\/es.wikipedia.org\/wiki\/Ceja\" target=\"_blank\" rel=\"noopener\">le sopracciglia<\/a><\/b><span style=\"color: var(--awb-text-color); font-family: var(--awb-text-font-family); font-size: var(--awb-font-size); font-style: var(--awb-text-font-style); letter-spacing: var(--awb-letter-spacing); text-align: var(--awb-content-alignment); text-transform: var(--awb-text-transform); background-color: var(--awb-bg-color-hover);\">  con la sola acqua al mattino e alla sera, oltre ad applicare un sottile strato di crema. Per le pelli grasse non \u00e8 necessario applicare la crema, ma \u00e8 sufficiente lavare con acqua.<\/span><span style=\"font-weight: 400;\"><br \/><\/span><\/p>\n<p><span style=\"font-weight: 400;\">Durante la prima settimana non si deve applicare il trucco nell&#8217;area dalle sopracciglia in su, si deve evitare di sudare in questa zona, quindi si sconsiglia di andare in spiaggia, in piscina, in sauna, ecc.  Evitare inoltre l&#8217;esposizione al sole per almeno due settimane. Continuate a fare attenzione.<\/span><\/p>\n<\/div><\/div><\/div><\/div><\/div>\n","protected":false},"excerpt":{"rendered":"","protected":false},"author":1,"featured_media":3041,"comment_status":"open","ping_status":"open","sticky":false,"template":"","format":"standard","meta":{"_joinchat":[],"footnotes":""},"categories":[137],"tags":[180,178,179],"class_list":["post-3084","post","type-post","status-publish","format-standard","has-post-thumbnail","hentry","category-microblading-it","tag-bellezza-it","tag-microblading-it","tag-sopracciglia"],"_links":{"self":[{"href":"https:\/\/micheladelorenzi.com\/it\/wp-json\/wp\/v2\/posts\/3084","targetHints":{"allow":["GET"]}}],"collection":[{"href":"https:\/\/micheladelorenzi.com\/it\/wp-json\/wp\/v2\/posts"}],"about":[{"href":"https:\/\/micheladelorenzi.com\/it\/wp-json\/wp\/v2\/types\/post"}],"author":[{"embeddable":true,"href":"https:\/\/micheladelorenzi.com\/it\/wp-json\/wp\/v2\/users\/1"}],"replies":[{"embeddable":true,"href":"https:\/\/micheladelorenzi.com\/it\/wp-json\/wp\/v2\/comments?post=3084"}],"version-history":[{"count":3,"href":"https:\/\/micheladelorenzi.com\/it\/wp-json\/wp\/v2\/posts\/3084\/revisions"}],"predecessor-version":[{"id":3884,"href":"https:\/\/micheladelorenzi.com\/it\/wp-json\/wp\/v2\/posts\/3084\/revisions\/3884"}],"wp:featuredmedia":[{"embeddable":true,"href":"https:\/\/micheladelorenzi.com\/it\/wp-json\/wp\/v2\/media\/3041"}],"wp:attachment":[{"href":"https:\/\/micheladelorenzi.com\/it\/wp-json\/wp\/v2\/media?parent=3084"}],"wp:term":[{"taxonomy":"category","embeddable":true,"href":"https:\/\/micheladelorenzi.com\/it\/wp-json\/wp\/v2\/categories?post=3084"},{"taxonomy":"post_tag","embeddable":true,"href":"https:\/\/micheladelorenzi.com\/it\/wp-json\/wp\/v2\/tags?post=3084"}],"curies":[{"name":"wp","href":"https:\/\/api.w.org\/{rel}","templated":true}]}}